{"id":3318,"date":"2026-09-03T14:45:51","date_gmt":"2026-09-03T17:45:51","guid":{"rendered":"https:\/\/ens35-sfe.infd.edu.ar\/sitio\/?p=3318"},"modified":"2026-09-03T14:45:52","modified_gmt":"2026-09-03T17:45:52","slug":"inscripcion-a-carreras-2027","status":"publish","type":"post","link":"https:\/\/ens35-sfe.infd.edu.ar\/sitio\/inscripcion-a-carreras-2027\/","title":{"rendered":"INSCRIPCI\u00d3N A CARRERAS 2027"},"content":{"rendered":"\n<p style=\"font-size:25px\">Fecha:<strong>&nbsp;desde el 23 de noviembre al 14 de diciembre de 2026 (Primera Convocatoria)<\/strong><\/p>\n\n\n\n<p style=\"font-size:25px\">Horario:<strong>&nbsp;Lunes a viernes de 18:00 a 20:00 hs. \u2013 Secci\u00f3n ALUMNADO<\/strong><\/p>\n\n\n\n<h2 class=\"wp-block-heading has-small-font-size\"><\/h2>\n\n\n\n<p style=\"font-size:27px\"><strong><u>Documentaci\u00f3n a presentar<\/u><\/strong><strong>:<\/strong><\/p>\n\n\n\n<p style=\"font-size:25px\">\u2013 Formulario de inscripci\u00f3n 2026 que corresponda a la carrera elegida<strong>&nbsp;IMPRESO Y COMPLETO<\/strong>&nbsp;(S\u00d3LO LAS&nbsp;<strong><u>P\u00c1GINAS 1 Y 2 POR SEPARADO<\/u><\/strong>&nbsp;EN DOS HOJAS)<\/p>\n\n\n\n<p style=\"font-size:18px\">* PROF. EUDC SEC. FILOSOFIA 2026 \u00a0<a href=\"https:\/\/ens35-sfe.infd.edu.ar\/sitio\/wp-content\/uploads\/2026\/09\/Solicitud-Inscripcion-FILOSOFIA-2027.pdf\" target=\"_blank\" rel=\"noreferrer noopener\">DESCARGAR SOLICITUD DE INSCRIPCI\u00d3N<\/a><\/p>\n\n\n\n<p style=\"font-size:18px\">* PROF. EDUC. INICIAL 2026 \u00a0<a href=\"https:\/\/ens35-sfe.infd.edu.ar\/sitio\/wp-content\/uploads\/2026\/09\/Solicitud-Inscripcion-INICIAL-2027.pdf\" target=\"_blank\" rel=\"noreferrer noopener\">DESCARGAR SOLICITUD DE INSCRIPCI\u00d3N<\/a><\/p>\n\n\n\n<p style=\"font-size:18px\">* PROF. EDUC. PRIMARIA 2026 \u00a0\u00a0<a href=\"https:\/\/ens35-sfe.infd.edu.ar\/sitio\/wp-content\/uploads\/2026\/09\/Solicitud-Inscripcion-PRIMARIA-2027.pdf\" target=\"_blank\" rel=\"noreferrer noopener\">DESCARGAR SOLICITUD DE INSCRIPCI\u00d3N<\/a><\/p>\n\n\n\n<p class=\"has-medium-font-size\">\u2013 3 fotos tipo carnet<\/p>\n\n\n\n<p class=\"has-medium-font-size\">\u2013 Fotocopia&nbsp;<strong>LEGALIZADA&nbsp;<\/strong>del DNI<\/p>\n\n\n\n<p class=\"has-medium-font-size\">\u2013 Fotocopia&nbsp;<strong>LEGALIZADA&nbsp;<\/strong>del&nbsp;<strong>t\u00edtulo definitivo de Nivel Secundario \/ Certificado de T\u00edtulo en Tr\u00e1mite original \/ Certificado de Alumno Regular original<\/strong>. En caso de tener el t\u00edtulo de Nivel Secundario con c\u00f3digo QR, no es necesaria la legalizaci\u00f3n<strong><\/strong><\/p>\n\n\n\n<p class=\"has-medium-font-size\">\u2013 Fotocopia de partida de nacimiento (no es necesario que est\u00e9 legalizada)<\/p>\n\n\n\n<p class=\"has-medium-font-size\">\u2013 Certificado m\u00e9dico (si es de una instituci\u00f3n\/consultorio privado debe contar con la estampilla del Colegio de M\u00e9dicos)<\/p>\n\n\n\n<p class=\"has-medium-font-size\"><strong>LA INSCRIPCI\u00d3N SE HAR\u00c1 EFECTIVA PRESENTANDO LA TOTALIDAD DE LA DOCUMENTACI\u00d3N TAL Y COMO SE EXPLICITA.<\/strong><\/p>\n\n\n\n<p class=\"has-text-align-center has-contrast-3-background-color has-background has-medium-font-size\">Contacto por consultas:<strong>&nbsp;<a href=\"mailto:normal2alumnadosuperior@gmail.com\">normal2alumnadosuperior@gmail.com<\/a><\/strong><\/p>\n","protected":false},"excerpt":{"rendered":"<p>Fecha:&nbsp;desde el 23 de noviembre al 14 de diciembre de 2026 (Primera Convocatoria) Horario:&nbsp;Lunes a viernes de 18:00 a 20:00 hs. \u2013 Secci\u00f3n ALUMNADO Documentaci\u00f3n a presentar: \u2013 Formulario de inscripci\u00f3n 2026 que corresponda a la carrera elegida&nbsp;IMPRESO Y COMPLETO&nbsp;(S\u00d3LO LAS&nbsp;P\u00c1GINAS 1 Y 2 POR SEPARADO&nbsp;EN DOS HOJAS) * PROF. EUDC SEC. FILOSOFIA 2026 \u00a0DESCARGAR &#8230; <a title=\"INSCRIPCI\u00d3N A CARRERAS 2027\" class=\"read-more\" href=\"https:\/\/ens35-sfe.infd.edu.ar\/sitio\/inscripcion-a-carreras-2027\/\" aria-label=\"More on INSCRIPCI\u00d3N A CARRERAS 2027\">[+]<\/a><\/p>\n","protected":false},"author":4,"featured_media":0,"comment_status":"closed","ping_status":"closed","sticky":false,"template":"","format":"standard","meta":[],"categories":[8,6,13],"tags":[],"acf":[],"_links":{"self":[{"href":"https:\/\/ens35-sfe.infd.edu.ar\/sitio\/wp-json\/wp\/v2\/posts\/3318"}],"collection":[{"href":"https:\/\/ens35-sfe.infd.edu.ar\/sitio\/wp-json\/wp\/v2\/posts"}],"about":[{"href":"https:\/\/ens35-sfe.infd.edu.ar\/sitio\/wp-json\/wp\/v2\/types\/post"}],"author":[{"embeddable":true,"href":"https:\/\/ens35-sfe.infd.edu.ar\/sitio\/wp-json\/wp\/v2\/users\/4"}],"replies":[{"embeddable":true,"href":"https:\/\/ens35-sfe.infd.edu.ar\/sitio\/wp-json\/wp\/v2\/comments?post=3318"}],"version-history":[{"count":1,"href":"https:\/\/ens35-sfe.infd.edu.ar\/sitio\/wp-json\/wp\/v2\/posts\/3318\/revisions"}],"predecessor-version":[{"id":3324,"href":"https:\/\/ens35-sfe.infd.edu.ar\/sitio\/wp-json\/wp\/v2\/posts\/3318\/revisions\/3324"}],"wp:attachment":[{"href":"https:\/\/ens35-sfe.infd.edu.ar\/sitio\/wp-json\/wp\/v2\/media?parent=3318"}],"wp:term":[{"taxonomy":"category","embeddable":true,"href":"https:\/\/ens35-sfe.infd.edu.ar\/sitio\/wp-json\/wp\/v2\/categories?post=3318"},{"taxonomy":"post_tag","embeddable":true,"href":"https:\/\/ens35-sfe.infd.edu.ar\/sitio\/wp-json\/wp\/v2\/tags?post=3318"}],"curies":[{"name":"wp","href":"https:\/\/api.w.org\/{rel}","templated":true}]}}